{"id":180,"date":"2020-05-14T19:33:34","date_gmt":"2020-05-14T17:33:34","guid":{"rendered":"https:\/\/sante-globale-entreprise.fr\/?p=180"},"modified":"2020-05-28T17:11:07","modified_gmt":"2020-05-28T15:11:07","slug":"responsabilite-penale-des-dirigeants-et-sante-globale-entreprises","status":"publish","type":"post","link":"https:\/\/sante-globale-entreprise.fr\/index.php\/2020\/05\/14\/responsabilite-penale-des-dirigeants-et-sante-globale-entreprises\/","title":{"rendered":"Responsabilit\u00e9 p\u00e9nale des dirigeants et Sant\u00e9 Globale Entreprises"},"content":{"rendered":"\n<div class=\"wp-block-image\"><figure class=\"aligncenter is-resized\"><img loading=\"lazy\" src=\"https:\/\/sante-globale-entreprise.fr\/wp-content\/uploads\/2020\/05\/Justice.jpg\" alt=\"\" class=\"wp-image-181\" width=\"311\" height=\"207\" srcset=\"https:\/\/sante-globale-entreprise.fr\/wp-content\/uploads\/2020\/05\/Justice.jpg 599w, https:\/\/sante-globale-entreprise.fr\/wp-content\/uploads\/2020\/05\/Justice-300x200.jpg 300w\" sizes=\"(max-width: 311px) 100vw, 311px\" \/><\/figure><\/div>\n\n\n\n<h2>La reconnaissance d&#8217;un harc\u00e8lement moral &#8220;Institutionnel&#8221; au travail<\/h2>\n\n\n\n<p>Lors d\u2019un proc\u00e8s sans pr\u00e9c\u00e9dent impliquant France Telecom, le Tribunal correctionnel de Paris a reconnu l\u2019existence d\u2019un \u00ab&nbsp;<em>harc\u00e8lement moral institutionnel&nbsp;au travail&nbsp;<\/em>\u00bb dans son jugement du 20 d\u00e9cembre 2019\u2026.<\/p>\n\n\n\n<p>Pour la premi\u00e8re\nfois, le harc\u00e8lement moral \u00ab&nbsp;institutionnel&nbsp;\u00bb est consacr\u00e9 et\np\u00e9nalement sanctionn\u00e9.<\/p>\n\n\n\n<p>L\u2019entreprise a \u00e9t\u00e9 condamn\u00e9e \u00e0 l\u2019amende maximale pr\u00e9vue de 75.000 \u20ac. Des condamnations \u00e0 des peines de prison ferme ont \u00e9t\u00e9 prononc\u00e9es contre des anciens dirigeants de l\u2019entreprise. France Telecom et d\u2019anciens hauts dirigeants ont \u00e9t\u00e9 reconnus coupables du d\u00e9lit de \u00ab&nbsp;harc\u00e8lement moral institutionnel&nbsp;\u00bb et ont \u00e9t\u00e9 condamn\u00e9s \u00e0 verser solidairement des dommages et int\u00e9r\u00eats.<\/p>\n\n\n\n<p>Il est donc reconnu maintenant que le harc\u00e8lement moral peut prendre plusieurs formes\u00a0: celui qui proc\u00e8de de relations individuelles et interpersonnelles mais aussi celui qui recouvre une dimension syst\u00e9mique ou institutionnelle. Dans ce dernier cas, le harceleur n\u2019a pas \u00e0 conna\u00eetre le salari\u00e9 harcel\u00e9, sa participation \u00e0 la mise en place d\u2019un syst\u00e8me con\u00e7u au plus haut niveau et ayant eu des cons\u00e9quences sur la sant\u00e9 des salari\u00e9s est suffisante.<\/p>\n\n\n\n<p><strong>S\u00e9curiser la sant\u00e9 physique et mentale des collaborateurs : Une obligation de r\u00e9sultats<\/strong><\/p>\n\n\n\n<p>Ces faits conduisent n\u00e9cessairement \u00e0 une r\u00e9flexion sur la responsabilit\u00e9 des dirigeants au regard de la loi de 2014 s&#8217;agissant de leur obligation de s\u00e9curit\u00e9 physique et mentale des collaborateurs. Mais \u00e9galement sur les moyens strat\u00e9giques mis en oeuvre pour r\u00e9pondre \u00e0 cette obligation de r\u00e9sultats (et non seulement de moyens). En effet, chacun s&#8217;accorde \u00e0 dire qu&#8217;il est \u00e9vident de lier forme physique, mentale, motivation et coh\u00e9sion d&#8217;\u00e9quipe aux r\u00e9sultats. Pourtant, force est de reconnaitre que toute strat\u00e9gie RH qui n&#8217;est pas centrale dans des moyens coh\u00e9rents, coordonn\u00e9s et s\u00e9curis\u00e9s met en danger tant les collaborateurs que les dirigeants de l&#8217;entreprise.<\/p>\n\n\n\n<p><strong>Sant\u00e9 Globale et ratio s\u00e9curit\u00e9 efficience.<\/strong><\/p>\n\n\n\n<p>Toute strat\u00e9gie RH efficience doit maintenant \u00eatre fond\u00e9e sur deux piliers :<\/p>\n\n\n\n<p>=&gt; La s\u00e9curit\u00e9 physique et mentale des collaborateurs comme base pour construire leur efficience et g\u00e9n\u00e9rer  leurs motivations <\/p>\n\n\n\n<p>=&gt; La s\u00e9curit\u00e9 juridique des dirigeants qui doivent r\u00e9pondre pr\u00e9cis\u00e9ment \u00e0 la loi de 2014 pour \u00e9viter d&#8217;\u00eatre justiciables<\/p>\n\n\n\n<p>Pour cette raison, il \u00e9tait imp\u00e9ratif de cr\u00e9er une approche s\u00e9curisante et efficiente. C&#8217;est l&#8217;objet fondamental de la Sant\u00e9 Globale Entreprise\u00ae. Celle-ci pr\u00e9sente l&#8217;avantage de r\u00e9pondre pr\u00e9cis\u00e9ment \u00e0 la loi et de favoriser l&#8217;efficience des collaborateurs par la prise en compte de leur sant\u00e9 globale physique, psychologique et relationnelle professionnelle et personnelle.<\/p>\n\n\n\n<p>Le lien ci-dessous vous permet de comprendre les fondamentaux de cette approche scientifique et \u00e9conomique : <a href=\"https:\/\/sante-globale-entreprise.fr\/index.php\/2018\/04\/12\/valoriance-sante-globale-entreprise\/\">https:\/\/sante-globale-entreprise.fr\/index.php\/2018\/04\/12\/valoriance-sante-globale-entreprise\/<\/a><\/p>\n\n\n\n<p>Voici \u00e9galement un lien vers notre site Fondateur Valoriance recherche qui depuis 1995 nous a permis de concevoir et mettre au point une approche scientifique et \u00e9conomique de la R.S.E. par la Sant\u00e9 Globale Entreprise\u00ae. <a href=\"http:\/\/www.valoriance.fr\">http:\/\/www.valoriance.fr<\/a> <\/p>\n","protected":false},"excerpt":{"rendered":"<p>La reconnaissance d&#8217;un harc\u00e8lement moral &#8220;Institutionnel&#8221; au travail Lors d\u2019un proc\u00e8s sans pr\u00e9c\u00e9dent impliquant France Telecom, le Tribunal correctionnel de Paris a reconnu l\u2019existence d\u2019un \u00ab&nbsp;harc\u00e8lement moral institutionnel&nbsp;au travail&nbsp;\u00bb dans son jugement du 20 d\u00e9cembre 2019\u2026. Pour la premi\u00e8re fois, le harc\u00e8lement moral \u00ab&nbsp;institutionnel&nbsp;\u00bb est consacr\u00e9 et p\u00e9nalement sanctionn\u00e9. L\u2019entreprise a \u00e9t\u00e9 condamn\u00e9e \u00e0 l\u2019amende &hellip; <\/p>\n<p class=\"link-more\"><a href=\"https:\/\/sante-globale-entreprise.fr\/index.php\/2020\/05\/14\/responsabilite-penale-des-dirigeants-et-sante-globale-entreprises\/\" class=\"more-link\">Continuer la lecture<span class=\"screen-reader-text\"> de &laquo;&nbsp;Responsabilit\u00e9 p\u00e9nale des dirigeants et Sant\u00e9 Globale Entreprises&nbsp;&raquo;<\/span><\/a><\/p>\n","protected":false},"author":1,"featured_media":0,"comment_status":"open","ping_status":"open","sticky":false,"template":"","format":"standard","meta":[],"categories":[1],"tags":[],"yoast_head":"<!-- This site is optimized with the Yoast SEO plugin v15.7 - https:\/\/yoast.com\/wordpress\/plugins\/seo\/ -->\n<title>Responsabilit\u00e9 p\u00e9nale des dirigeants et Sant\u00e9 Globale Entreprises - Sante Globale Pro<\/title>\n<meta name=\"description\" content=\"Sante Globale Entreprise Valoriance responsabilit\u00e9 p\u00e9nale des dirigeants d&#039;entreprises R.S.E. et pr\u00e9vention des risques psychosociaux\" \/>\n<meta name=\"robots\" content=\"index, follow, max-snippet:-1, max-image-preview:large, max-video-preview:-1\" \/>\n<link rel=\"canonical\" href=\"https:\/\/sante-globale-entreprise.fr\/index.php\/2020\/05\/14\/responsabilite-penale-des-dirigeants-et-sante-globale-entreprises\/\" \/>\n<meta property=\"og:locale\" content=\"fr_FR\" \/>\n<meta property=\"og:type\" content=\"article\" \/>\n<meta property=\"og:title\" content=\"Responsabilit\u00e9 p\u00e9nale des dirigeants et Sant\u00e9 Globale Entreprises - Sante Globale Pro\" \/>\n<meta property=\"og:description\" content=\"Sante Globale Entreprise Valoriance responsabilit\u00e9 p\u00e9nale des dirigeants d&#039;entreprises R.S.E. et pr\u00e9vention des risques psychosociaux\" \/>\n<meta property=\"og:url\" content=\"https:\/\/sante-globale-entreprise.fr\/index.php\/2020\/05\/14\/responsabilite-penale-des-dirigeants-et-sante-globale-entreprises\/\" \/>\n<meta property=\"og:site_name\" content=\"Sante Globale Pro\" \/>\n<meta property=\"article:published_time\" content=\"2020-05-14T17:33:34+00:00\" \/>\n<meta property=\"article:modified_time\" content=\"2020-05-28T15:11:07+00:00\" \/>\n<meta property=\"og:image\" content=\"https:\/\/sante-globale-entreprise.fr\/wp-content\/uploads\/2020\/05\/Justice.jpg\" \/>\n<meta name=\"twitter:card\" content=\"summary_large_image\" \/>\n<meta name=\"twitter:label1\" content=\"Dur\u00e9e de lecture est.\">\n\t<meta name=\"twitter:data1\" content=\"3 minutes\">\n<script type=\"application\/ld+json\" class=\"yoast-schema-graph\">{\"@context\":\"https:\/\/schema.org\",\"@graph\":[{\"@type\":\"WebSite\",\"@id\":\"https:\/\/sante-globale-entreprise.fr\/#website\",\"url\":\"https:\/\/sante-globale-entreprise.fr\/\",\"name\":\"Sante Globale Pro\",\"description\":\"Entreprendre et r\\u00e9ussir par la sant\\u00e9 globale\",\"potentialAction\":[{\"@type\":\"SearchAction\",\"target\":\"https:\/\/sante-globale-entreprise.fr\/?s={search_term_string}\",\"query-input\":\"required name=search_term_string\"}],\"inLanguage\":\"fr-FR\"},{\"@type\":\"ImageObject\",\"@id\":\"https:\/\/sante-globale-entreprise.fr\/index.php\/2020\/05\/14\/responsabilite-penale-des-dirigeants-et-sante-globale-entreprises\/#primaryimage\",\"inLanguage\":\"fr-FR\",\"url\":\"https:\/\/sante-globale-entreprise.fr\/wp-content\/uploads\/2020\/05\/Justice.jpg\",\"width\":599,\"height\":399},{\"@type\":\"WebPage\",\"@id\":\"https:\/\/sante-globale-entreprise.fr\/index.php\/2020\/05\/14\/responsabilite-penale-des-dirigeants-et-sante-globale-entreprises\/#webpage\",\"url\":\"https:\/\/sante-globale-entreprise.fr\/index.php\/2020\/05\/14\/responsabilite-penale-des-dirigeants-et-sante-globale-entreprises\/\",\"name\":\"Responsabilit\\u00e9 p\\u00e9nale des dirigeants et Sant\\u00e9 Globale Entreprises - Sante Globale Pro\",\"isPartOf\":{\"@id\":\"https:\/\/sante-globale-entreprise.fr\/#website\"},\"primaryImageOfPage\":{\"@id\":\"https:\/\/sante-globale-entreprise.fr\/index.php\/2020\/05\/14\/responsabilite-penale-des-dirigeants-et-sante-globale-entreprises\/#primaryimage\"},\"datePublished\":\"2020-05-14T17:33:34+00:00\",\"dateModified\":\"2020-05-28T15:11:07+00:00\",\"author\":{\"@id\":\"https:\/\/sante-globale-entreprise.fr\/#\/schema\/person\/bc8894b13a49d55e1a4cd9635b0699db\"},\"description\":\"Sante Globale Entreprise Valoriance responsabilit\\u00e9 p\\u00e9nale des dirigeants d'entreprises R.S.E. et pr\\u00e9vention des risques psychosociaux\",\"inLanguage\":\"fr-FR\",\"potentialAction\":[{\"@type\":\"ReadAction\",\"target\":[\"https:\/\/sante-globale-entreprise.fr\/index.php\/2020\/05\/14\/responsabilite-penale-des-dirigeants-et-sante-globale-entreprises\/\"]}]},{\"@type\":\"Person\",\"@id\":\"https:\/\/sante-globale-entreprise.fr\/#\/schema\/person\/bc8894b13a49d55e1a4cd9635b0699db\",\"name\":\"admin9785\",\"image\":{\"@type\":\"ImageObject\",\"@id\":\"https:\/\/sante-globale-entreprise.fr\/#personlogo\",\"inLanguage\":\"fr-FR\",\"url\":\"https:\/\/secure.gravatar.com\/avatar\/e3625ec6d14274de44f849544e9c332e?s=96&d=mm&r=g\",\"caption\":\"admin9785\"}}]}<\/script>\n<!-- \/ Yoast SEO plugin. -->","_links":{"self":[{"href":"https:\/\/sante-globale-entreprise.fr\/index.php\/wp-json\/wp\/v2\/posts\/180"}],"collection":[{"href":"https:\/\/sante-globale-entreprise.fr\/index.php\/wp-json\/wp\/v2\/posts"}],"about":[{"href":"https:\/\/sante-globale-entreprise.fr\/index.php\/wp-json\/wp\/v2\/types\/post"}],"author":[{"embeddable":true,"href":"https:\/\/sante-globale-entreprise.fr\/index.php\/wp-json\/wp\/v2\/users\/1"}],"replies":[{"embeddable":true,"href":"https:\/\/sante-globale-entreprise.fr\/index.php\/wp-json\/wp\/v2\/comments?post=180"}],"version-history":[{"count":7,"href":"https:\/\/sante-globale-entreprise.fr\/index.php\/wp-json\/wp\/v2\/posts\/180\/revisions"}],"predecessor-version":[{"id":192,"href":"https:\/\/sante-globale-entreprise.fr\/index.php\/wp-json\/wp\/v2\/posts\/180\/revisions\/192"}],"wp:attachment":[{"href":"https:\/\/sante-globale-entreprise.fr\/index.php\/wp-json\/wp\/v2\/media?parent=180"}],"wp:term":[{"taxonomy":"category","embeddable":true,"href":"https:\/\/sante-globale-entreprise.fr\/index.php\/wp-json\/wp\/v2\/categories?post=180"},{"taxonomy":"post_tag","embeddable":true,"href":"https:\/\/sante-globale-entreprise.fr\/index.php\/wp-json\/wp\/v2\/tags?post=180"}],"curies":[{"name":"wp","href":"https:\/\/api.w.org\/{rel}","templated":true}]}}